{"id":892,"date":"2025-08-14T16:33:56","date_gmt":"2025-08-14T16:33:56","guid":{"rendered":"https:\/\/capt.travelblox.eu\/?p=892"},"modified":"2025-11-19T09:54:22","modified_gmt":"2025-11-19T09:54:22","slug":"quand-partir-en-cappadoce-meilleure-periode-saisons-et-climat","status":"publish","type":"post","link":"https:\/\/capt.travelblox.eu\/fr\/quand-partir-en-cappadoce-meilleure-periode-saisons-et-climat\/","title":{"rendered":"Quand partir en Cappadoce ? Meilleure p\u00e9riode, saisons et climat."},"content":{"rendered":"<div class=\"tb-wysiwyg tb-block align-left background-light pattern-none variant-none tb-collapsible-margins\" id=\"wysiwyg\">\n    <div class=\"inner-block\">\n        <div class=\"tb-wysiwyg__inner tb-wysiwyg__inner--highlight\">\n            <div class=\"inner-block\">\n                                    <!-- <div class=\"icon\">\n                    <img decoding=\"async\" src=\"\/var\/www\/prod\/public_html\/wp-content\/plugins\/tbx-plugin\/blox\/wysiwyg\/..\/..\/images\/wave-1.php \" alt=\"Lamp icon\"\/>\n                <\/div> -->\n                    <div class=\"icon\">\n                        <i class=\"fa-kit fa-tb-lightbulb\"><\/i>\n                    <\/div>\n                                <div class=\"text-part wysiwyg\">\n                                            <h4>Les conseils de l'\u00e9quipe<\/h4>                                        \t\t<div class=\"translation-block\"><p>Vous r\u00eavez de partir en <span class=\"notion-enable-hover\" data-token-index=\"1\">trek en Cappadoce<\/span> ? Voici l'essentiel \u00e0 retenir ! La meilleure p\u00e9riode pour voyager s'\u00e9tend d'avril \u00e0 juin et de septembre \u00e0 octobre. Les temp\u00e9ratures oscillent entre 15 et 25\u00b0C, parfaites pour randonner. L'\u00e9t\u00e9 peut \u00eatre \u00e9touffant (jusqu'\u00e0 35\u00b0C) mais reste praticable t\u00f4t le matin. L'hiver offre des paysages magiques sous la neige, mais attention aux temp\u00e9ratures n\u00e9gatives ! La <span class=\"notion-enable-hover\" data-token-index=\"3\">m\u00e9t\u00e9o en Cappadoce<\/span> varie \u00e9norm\u00e9ment selon l'altitude \u2013 pr\u00e9voyez toujours des couches. \u00c9vitez juillet-ao\u00fbt si vous craignez la foule et les fortes chaleurs.<\/p><\/div>\n\t                <\/div>\n            <\/div>\n        <\/div>\n    <\/div>\n<\/div>\n\n\n<div class=\"tb-wysiwyg tb-block align-left background-light pattern-none variant-none tb-collapsible-margins\" id=\"wysiwyg-1\">\n    <div class=\"inner-block\">\n        <div class=\"tb-wysiwyg__inner\">\n            <div class=\"inner-block\">\n                                <div class=\"text-part wysiwyg\">\n                                            <h2>Quand partir en Cappadoce ? Meilleure p\u00e9riode, saisons et climat.<\/h2>                                                                \t\t<div class=\"translation-block\"><p>La Cappadoce, ce petit coin de paradis turc avec ses chemin\u00e9es de f\u00e9es, vous fait de l'\u0153il depuis des mois ? C'est normal ! Mais <strong>quand voyager en Cappadoce<\/strong> pour profiter au maximum de cette merveille g\u00e9ologique ? Entre les ballons color\u00e9s qui dansent au lever du soleil et les vall\u00e9es sculpt\u00e9es par des mill\u00e9naires d'\u00e9rosion, le timing est plus important que vous ne le pensez.<\/p>\n<p><!-- notionvc: 1f361996-9d35-4a9d-9236-07af5664a399 --><\/p><\/div>\n\t                <\/div>\n            <\/div>\n        <\/div>\n    <\/div>\n<\/div>\n\n\n<div class=\"tb-cta-banner tb-block align-left background-light pattern-none variant-none tb-collapsible-margins\" id=\"cta-banner\">\n    <div class=\"inner-block\">\n        <a href=\"https:\/\/thecappadociatrail.com\/fr\" class=\"tb-cta-banner__link\" target=\"_blank\" title=\"\">\n            <div class=\"icon\"><i class=\"fa-solid fa-arrow-right\"><\/i><\/div>\n            <div class=\"text-part\">\n                                    <strong>D\u00e9couvrez le Cappadocia Trail !<\/strong>\n                                                    <span>Une randonn\u00e9e de 5 jours organis\u00e9e au printemps et en automne \ud83e\udd7e<\/span>\n                            <\/div>\n        <\/a>\n    <\/div>\n<\/div>\n\n\n<div class=\"tb-image tb-block align-none background-light pattern-none variant-none\" id=\"image\">\n\t<figure>\n\t\t\t\t<img src='https:\/\/travelbase.eu\/frontend_src\/tb20\/dist\/assets\/img\/header-home-2022.jpg' loading='lazy'>\t\t\t\t\t<\/figure>\n<\/div>\n\n\n<div class=\"tb-wysiwyg tb-block align-left background-light pattern-none variant-none tb-collapsible-margins\" id=\"wysiwyg-2\">\n    <div class=\"inner-block\">\n        <div class=\"tb-wysiwyg__inner\">\n            <div class=\"inner-block\">\n                                <div class=\"text-part wysiwyg\">\n                                            <h2>Un climat continental aux multiples facettes<\/h2>                                                                \t\t<div class=\"translation-block\"><p>La <strong>m\u00e9t\u00e9o en Cappadoce<\/strong> est impressionnante ! Situ\u00e9e sur les hauts plateaux d'Anatolie centrale, \u00e0 plus de 1000 m\u00e8tres d'altitude, cette r\u00e9gion b\u00e9n\u00e9ficie d'un climat continental sec. Traduction ? Des hivers rigoureux avec de la neige, des \u00e9t\u00e9s chauds et secs, et des intersaisons d\u00e9licieuses. Les \u00e9carts de temp\u00e9rature entre le jour et la nuit peuvent atteindre 15\u00b0C \u2013 de quoi vous faire jongler avec votre garde-robe !<\/p>\n<p>Les pr\u00e9cipitations restent modestes tout au long de l'ann\u00e9e, avec un pic au printemps. C'est d'ailleurs pour cela que les paysages lunaires de Cappadoce ont cette allure si particuli\u00e8re : l'eau a eu le temps de sculpter, mais pas de noyer !<\/p><\/div>\n\t                <\/div>\n            <\/div>\n        <\/div>\n    <\/div>\n<\/div>\n\n\n<div class=\"tb-wysiwyg tb-block align-left background-light pattern-none variant-none tb-collapsible-margins\" id=\"wysiwyg-3\">\n    <div class=\"inner-block\">\n        <div class=\"tb-wysiwyg__inner\">\n            <div class=\"inner-block\">\n                                <div class=\"text-part wysiwyg\">\n                                            <h2>Le Cappadocia Trail de Travelbase : une aventure \u00e0 planifier!<\/h2>                                                                \t\t<div class=\"translation-block\"><p>Notre <a href=\"https:\/\/thecappadociatrail.com\/fr\"><strong>Cappadocia Trail<\/strong><\/a> vous emm\u00e8ne au c\u0153ur des vall\u00e9es les plus spectaculaires de la r\u00e9gion. Imaginez-vous arpenter la vall\u00e9e de l'Amour au petit matin, quand la brume s'accroche encore aux pitons rocheux. Ou traverser la vall\u00e9e Rouge au coucher du soleil, quand les roches prennent des teintes de feu.<\/p>\n<p>Ce voyage de 8 jours m\u00e9lange randonn\u00e9es, d\u00e9couvertes culturelles et moments de contemplation. Mais attention : <strong>le choix de la saison<\/strong> d\u00e9termine compl\u00e8tement votre exp\u00e9rience ! Chaque saison offre ses propres charmes et d\u00e9fis.<\/p><\/div>\n\t                <\/div>\n            <\/div>\n        <\/div>\n    <\/div>\n<\/div>\n\n\n<div class=\"tb-cta-banner tb-block align-left background-light pattern-none variant-none tb-collapsible-margins\" id=\"cta-banner-1\">\n    <div class=\"inner-block\">\n        <a href=\"https:\/\/travelbase.fr\/trip\/voyage-cappadocia-trek\/\" class=\"tb-cta-banner__link\" target=\"_blank\" title=\"\">\n            <div class=\"icon\"><i class=\"fa-solid fa-arrow-right\"><\/i><\/div>\n            <div class=\"text-part\">\n                                    <strong>8 jours de voyage, 5 jours de randonn\u00e9e, organisation compl\u00e8te \u2728<\/strong>\n                                            <\/div>\n        <\/a>\n    <\/div>\n<\/div>\n\n\n<div class=\"tb-simple-gallery tb-block align-center background-light pattern-none variant-2-vertical-1-horizontal tb-collapsible-margins\" id=\"simple-gallery\">\n\t\t\t<div class=\"tb-simple-gallery__images\">\n\t\t\t\t\t\t\t\t\t\t\t\t\t\t\t\t\t\t\t\t\t\t<div class=\"tb-simple-gallery__image tb-simple-gallery__image--vertical\">\n\t\t\t\t\t\t<div class=\"tb-image-part\">\n\t\t\t\t\t\t\t<figure>\n\t\t\t\t\t\t\t\t<img src='https:\/\/capt.travelblox.eu\/wp-content\/uploads\/sites\/117\/2025\/02\/74506f791a367ee59c66deb06059831a-xlarge.jpg' width='1024' height='1536' alt='Cappadoce montgolfi\u00e8re Turquie Montgolfi\u00e8re Cappadoce Cappadoce Turquie' loading='lazy'>\t\t\t\t\t\t\t\t\t\t\t\t\t\t\t<\/figure>\n\t\t\t\t\t\t<\/div>\n\t\t\t\t\t<\/div>\n\t\t\t\t\t\t\t\t\t\t\t\t\t\t\t\t\t\t\t<div class=\"tb-simple-gallery__image tb-simple-gallery__image--vertical\">\n\t\t\t\t\t\t<div class=\"tb-image-part\">\n\t\t\t\t\t\t\t<figure>\n\t\t\t\t\t\t\t\t<img src='https:\/\/capt.travelblox.eu\/wp-content\/uploads\/sites\/117\/2025\/02\/fd396ac13d56d605cb7dac5051ecf3f1-xlarge.jpg' width='1024' height='1536' alt='cappadoce vacances Turquie Kappadokien vacances Turquie' style='object-position:50% 50%' loading='lazy'>\t\t\t\t\t\t\t\t\t\t\t\t\t\t\t<\/figure>\n\t\t\t\t\t\t<\/div>\n\t\t\t\t\t<\/div>\n\t\t\t\t\t\t\t\t\t\t\t\t<\/div>\n\t<\/div>\n\n\n<div class=\"tb-wysiwyg tb-block align-left background-light pattern-none variant-none tb-collapsible-margins\" id=\"wysiwyg-4\">\n    <div class=\"inner-block\">\n        <div class=\"tb-wysiwyg__inner\">\n            <div class=\"inner-block\">\n                                <div class=\"text-part wysiwyg\">\n                                            <h2>Printemps en Cappadoce : le r\u00e9veil des g\u00e9ants de pierre<\/h2>                                                                \t\t<div class=\"translation-block\"><p>De mars \u00e0 mai, la Cappadoce sort doucement de son sommeil hivernal. Les temp\u00e9ratures grimpent progressivement de 10\u00b0C en mars \u00e0 20\u00b0C en mai. Les matin\u00e9es restent fra\u00eeches \u2013 parfait pour enfiler vos chaussures de randonn\u00e9e sans transpirer d\u00e8s les premiers pas !<\/p>\n<p>C\u2019est LA saison pour profiter de la <strong>m\u00e9t\u00e9o en Cappadoce<\/strong> sous son meilleur jour. Les pr\u00e9cipitations d\u2019avril font reverdir les vall\u00e9es, cr\u00e9ant un contraste saisissant avec les formations rocheuses ocre. Les amandiers en fleurs ajoutent une touche po\u00e9tique aux paysages d\u00e9j\u00e0 surr\u00e9alistes.<\/p>\n<p>Petit b\u00e9mol : avril peut r\u00e9server quelques averses. Mais ne boudez pas cette p\u00e9riode ! Elle reste id\u00e9ale pour un <strong>trek en Cappadoce<\/strong>, avec des sentiers moins fr\u00e9quent\u00e9s et des prix plus doux.<\/p><\/div>\n\t                <\/div>\n            <\/div>\n        <\/div>\n    <\/div>\n<\/div>\n\n\n<div class=\"tb-cta-banner tb-block align-left background-light pattern-none variant-none tb-collapsible-margins\" id=\"cta-banner-2\">\n    <div class=\"inner-block\">\n        <a href=\"https:\/\/travelbase.fr\/trip\/voyage-cappadocia-trek\/\" class=\"tb-cta-banner__link\" target=\"_blank\" title=\"\">\n            <div class=\"icon\"><i class=\"fa-solid fa-arrow-right\"><\/i><\/div>\n            <div class=\"text-part\">\n                                    <strong>D\u00e9couvrez le Cappadocia Trail avec des conditions id\u00e9ales au printemps \u2600\ufe0f<\/strong>\n                                            <\/div>\n        <\/a>\n    <\/div>\n<\/div>\n\n\n<div class=\"tb-wysiwyg tb-block align-left background-light pattern-none variant-none tb-collapsible-margins\" id=\"wysiwyg-5\">\n    <div class=\"inner-block\">\n        <div class=\"tb-wysiwyg__inner\">\n            <div class=\"inner-block\">\n                                <div class=\"text-part wysiwyg\">\n                                            <h2>\u00c9t\u00e9 en Cappadoce : soleil de plomb et lever de soleil magique<\/h2>                                                                \t\t<div class=\"translation-block\"><p>Juin, juillet et ao\u00fbt transforment la Cappadoce en fournaise ! Les temp\u00e9ratures flirtent avec les 35\u00b0C en journ\u00e9e, mais chutent \u00e0 15-20\u00b0C la nuit. Cette amplitude thermique, c\u2019est le secret des vols en montgolfi\u00e8re : l\u2019air chaud du jour et l\u2019air frais de l\u2019altitude cr\u00e9ent des conditions parfaites pour s\u2019envoler.<\/p>\n<p>Pour <strong>votre voyage en Cappadoce<\/strong> en \u00e9t\u00e9, misez tout sur les matins ! D\u00e9part \u00e0 5h pour \u00e9viter la chaleur et profiter de cette lumi\u00e8re dor\u00e9e qui transforme chaque chemin\u00e9e de f\u00e9e en \u0153uvre d\u2019art. L\u2019apr\u00e8s-midi ? Direction les villes souterraines o\u00f9 la temp\u00e9rature reste stable \u00e0 15\u00b0C.<\/p>\n<p>L\u2019inconv\u00e9nient majeur : la foule ! Juillet et ao\u00fbt attirent des milliers de visiteurs.<\/p><\/div>\n\t                <\/div>\n            <\/div>\n        <\/div>\n    <\/div>\n<\/div>\n\n\n<div class=\"tb-image tb-block align-none background-light pattern-none variant-none\" id=\"image-1\">\n\t<figure>\n\t\t\t\t<img src='https:\/\/capt.travelblox.eu\/wp-content\/uploads\/sites\/117\/2025\/02\/ea44996e71cd6d4a58a980182a19575b-xlarge.jpg' width='1024' height='683' alt='cappadoce vacances Turquie Kappadokien vacances Turquie' loading='lazy'>\t\t\t\t\t<\/figure>\n<\/div>\n\n\n<div class=\"tb-wysiwyg tb-block align-left background-light pattern-none variant-none tb-collapsible-margins\" id=\"wysiwyg-6\">\n    <div class=\"inner-block\">\n        <div class=\"tb-wysiwyg__inner\">\n            <div class=\"inner-block\">\n                                <div class=\"text-part wysiwyg\">\n                                            <h2>Automne en Cappadoce : la saison dor\u00e9e des randonneurs<\/h2>                                                                \t\t<div class=\"translation-block\"><p>Septembre et octobre, c'est le jackpot ! La <strong>m\u00e9t\u00e9o en Cappadoce<\/strong> retrouve des couleurs plus cl\u00e9mentes : 25\u00b0C en journ\u00e9e, 10\u00b0C la nuit. Les vignobles se parent d'or et de rouge, ajoutant encore plus de magie aux paysages lunaires.<\/p>\n<p>C'est sans conteste la meilleure p\u00e9riode pour un <strong>trek en Cappadoce<\/strong>. Les sentiers redeviennent praticables toute la journ\u00e9e, la lumi\u00e8re reste douce plus longtemps, et les touristes d'\u00e9t\u00e9 ont d\u00e9sert\u00e9 les lieux. Vous pourrez enfin contempler les chemin\u00e9es de f\u00e9e en paix !<\/p>\n<p>Novembre marque le d\u00e9but de la transition hivernale. Les temp\u00e9ratures chutent rapidement, mais les paysages gagnent en myst\u00e8re avec les premi\u00e8res brumes matinales.<\/p><\/div>\n\t                <\/div>\n            <\/div>\n        <\/div>\n    <\/div>\n<\/div>\n\n\n<div class=\"tb-cta-banner tb-block align-left background-light pattern-none variant-none tb-collapsible-margins\" id=\"cta-banner-3\">\n    <div class=\"inner-block\">\n        <a href=\"https:\/\/travelbase.fr\/trip\/voyage-cappadocia-trek\/\" class=\"tb-cta-banner__link\" target=\"_blank\" title=\"\">\n            <div class=\"icon\"><i class=\"fa-solid fa-arrow-right\"><\/i><\/div>\n            <div class=\"text-part\">\n                                    <strong>Pour deux fois plus d'options, <\/strong>\n                                                    <span>Nous proposons aussi le Cappadocia Trail en automne \ud83c\udf41<\/span>\n                            <\/div>\n        <\/a>\n    <\/div>\n<\/div>\n\n\n<div class=\"tb-image tb-block align-none background-light pattern-none variant-none\" id=\"image-2\">\n\t<figure>\n\t\t\t\t<img src='https:\/\/capt.travelblox.eu\/wp-content\/uploads\/sites\/117\/2024\/10\/ebc49681fb2545fe4ec17cb91dcd8382.jpg' width='1200' height='700' alt='Vacances en Cappadoce Turquie - Randonn\u00e9e en Cappadoce Turquie' loading='lazy'>\t\t\t\t\t<\/figure>\n<\/div>\n\n\n<div class=\"tb-wysiwyg tb-block align-left background-light pattern-none variant-none tb-collapsible-margins\" id=\"wysiwyg-7\">\n    <div class=\"inner-block\">\n        <div class=\"tb-wysiwyg__inner\">\n            <div class=\"inner-block\">\n                                <div class=\"text-part wysiwyg\">\n                                            <h2>Hiver en Cappadoce : un conte de f\u00e9es glac\u00e9<\/h2>                                                                \t\t<div class=\"translation-block\"><p>D\u00e9cembre, janvier et f\u00e9vrier transforment la Cappadoce en d\u00e9cor de conte de f\u00e9es. La neige habille les c\u00f4nes volcaniques, cr\u00e9ant un contraste saisissant avec les teintes chaudes de la roche. Les temp\u00e9ratures oscillent entre -5\u00b0C et 5\u00b0C \u2013 de quoi vous faire appr\u00e9cier les hammams !<\/p>\n<p><strong>Voyager en Cappadoce<\/strong> en hiver ? Si vous n\u2019avez pas froid aux yeux ! Les vols en montgolfi\u00e8re sont souvent annul\u00e9s \u00e0 cause du vent et de la neige, mais les paysages compensent largement. Imaginez la vall\u00e9e de G\u00f6reme sous un manteau blanc\u2026<\/p>\n<p>Notre \u00e9quipe d\u00e9conseille de partir faire un <strong>trek en Cappadoce<\/strong> de janvier \u00e0 f\u00e9vrier : les sentiers deviennent glissants et certains passages dangereux. Mais pour une d\u00e9couverte culturelle au chaud, l\u2019hiver reste magique !<\/p><\/div>\n\t                <\/div>\n            <\/div>\n        <\/div>\n    <\/div>\n<\/div>\n\n\n<div class=\"tb-image tb-block align-none background-light pattern-none variant-none\" id=\"image-3\">\n\t<figure>\n\t\t\t\t<img src='https:\/\/capt.travelblox.eu\/wp-content\/uploads\/sites\/117\/2025\/02\/0bfb17feb846f7fd97599f8bf04a0e11-xlarge.jpg' width='1024' height='683' alt='Kappadokie vacances Turquie' loading='lazy'>\t\t\t\t\t<\/figure>\n<\/div>","protected":false},"excerpt":{"rendered":"","protected":false},"author":112,"featured_media":178,"comment_status":"open","ping_status":"open","sticky":false,"template":"","format":"standard","meta":{"_acf_changed":false,"inline_featured_image":false,"footnotes":""},"class_list":["post-892","post","type-post","status-publish","format-standard","has-post-thumbnail","hentry","team-member-jimmy-de-travelbase","blog-category-tips-tricks"],"acf":[],"_links":{"self":[{"href":"https:\/\/capt.travelblox.eu\/fr\/wp-json\/wp\/v2\/posts\/892","targetHints":{"allow":["GET"]}}],"collection":[{"href":"https:\/\/capt.travelblox.eu\/fr\/wp-json\/wp\/v2\/posts"}],"about":[{"href":"https:\/\/capt.travelblox.eu\/fr\/wp-json\/wp\/v2\/types\/post"}],"author":[{"embeddable":true,"href":"https:\/\/capt.travelblox.eu\/fr\/wp-json\/wp\/v2\/users\/112"}],"replies":[{"embeddable":true,"href":"https:\/\/capt.travelblox.eu\/fr\/wp-json\/wp\/v2\/comments?post=892"}],"version-history":[{"count":4,"href":"https:\/\/capt.travelblox.eu\/fr\/wp-json\/wp\/v2\/posts\/892\/revisions"}],"predecessor-version":[{"id":1105,"href":"https:\/\/capt.travelblox.eu\/fr\/wp-json\/wp\/v2\/posts\/892\/revisions\/1105"}],"wp:featuredmedia":[{"embeddable":true,"href":"https:\/\/capt.travelblox.eu\/fr\/wp-json\/wp\/v2\/media\/178"}],"wp:attachment":[{"href":"https:\/\/capt.travelblox.eu\/fr\/wp-json\/wp\/v2\/media?parent=892"}],"curies":[{"name":"wp","href":"https:\/\/api.w.org\/{rel}","templated":true}]}}